{"id":1442,"date":"2017-02-22T17:21:36","date_gmt":"2017-02-22T15:21:36","guid":{"rendered":"http:\/\/www.futuretrends.ch\/blog\/?p=1442"},"modified":"2019-01-29T01:11:33","modified_gmt":"2019-01-28T23:11:33","slug":"neues-dji-mavic-pro-zubehoer-z-b-propeller-cage","status":"publish","type":"post","link":"https:\/\/www.futuretrends.ch\/blog\/neues-dji-mavic-pro-zubehoer-z-b-propeller-cage\/","title":{"rendered":"Neues DJI MAVIC PRO Zubeh\u00f6r z.B. Propeller Cage"},"content":{"rendered":"<p>DJI launcht neue Zubeh\u00f6rserie f\u00fcr die MAVIC PRO! Gross im Fokus stehen die <strong>Propeller Cage<\/strong> und die sp\u00e4ter kommenden <strong>Propeller Guards<\/strong>. Alle Bilder zum neuen Zubeh\u00f6r in diesem Artikel.<\/p>\n<p><strong>Neues DJI MAVIC PRO Zubeh\u00f6r<\/strong><\/p>\n<ul>\n<li>Propeller Cage: USD159<\/li>\n<li>7728 Quick-Release Folding Propeller: USD9<\/li>\n<li>Propeller Guard: USD15 (available at a later date)<\/li>\n<li>Battery Charging Hub (Advanced): USD55<\/li>\n<li>Aircraft Sleeve: USD7<\/li>\n<\/ul>\n<p><strong>MAVIC PRO Zubeh\u00f6r Galerie<\/strong><\/p>\n<p>&nbsp;<\/p>\n<div id='gallery-1' class='gallery galleryid-1442 gallery-columns-3 gallery-size-thumbnail'><figure class='gallery-item'>\n\t\t\t<div class='gallery-icon landscape'>\n\t\t\t\t<a href='https:\/\/www.futuretrends.ch\/blog\/wp-content\/uploads\/2017\/02\/mavic-pro-7728-quick-release-folding-propellers-970x647-c.jpg'><img loading=\"lazy\" decoding=\"async\" width=\"150\" height=\"150\" src=\"https:\/\/www.futuretrends.ch\/blog\/wp-content\/uploads\/2017\/02\/mavic-pro-7728-quick-release-folding-propellers-970x647-c-150x150.jpg\" class=\"attachment-thumbnail size-thumbnail\" alt=\"\" aria-describedby=\"gallery-1-1444\" srcset=\"https:\/\/www.futuretrends.ch\/blog\/wp-content\/uploads\/2017\/02\/mavic-pro-7728-quick-release-folding-propellers-970x647-c-150x150.jpg 150w, https:\/\/www.futuretrends.ch\/blog\/wp-content\/uploads\/2017\/02\/mavic-pro-7728-quick-release-folding-propellers-970x647-c-75x75.jpg 75w\" sizes=\"auto, (max-width: 150px) 100vw, 150px\" \/><\/a>\n\t\t\t<\/div>\n\t\t\t\t<figcaption class='wp-caption-text gallery-caption' id='gallery-1-1444'>\n\t\t\t\tFaltbare Propeller MAVIC PRO\n\t\t\t\t<\/figcaption><\/figure><figure class='gallery-item'>\n\t\t\t<div class='gallery-icon landscape'>\n\t\t\t\t<a href='https:\/\/www.futuretrends.ch\/blog\/wp-content\/uploads\/2017\/02\/mavic-pro-aircraft-sleeve-2-970x647-c.jpg'><img loading=\"lazy\" decoding=\"async\" width=\"150\" height=\"150\" src=\"https:\/\/www.futuretrends.ch\/blog\/wp-content\/uploads\/2017\/02\/mavic-pro-aircraft-sleeve-2-970x647-c-150x150.jpg\" class=\"attachment-thumbnail size-thumbnail\" alt=\"\" aria-describedby=\"gallery-1-1445\" srcset=\"https:\/\/www.futuretrends.ch\/blog\/wp-content\/uploads\/2017\/02\/mavic-pro-aircraft-sleeve-2-970x647-c-150x150.jpg 150w, https:\/\/www.futuretrends.ch\/blog\/wp-content\/uploads\/2017\/02\/mavic-pro-aircraft-sleeve-2-970x647-c-75x75.jpg 75w\" sizes=\"auto, (max-width: 150px) 100vw, 150px\" \/><\/a>\n\t\t\t<\/div>\n\t\t\t\t<figcaption class='wp-caption-text gallery-caption' id='gallery-1-1445'>\n\t\t\t\tMAVIC PRO Aircraft Sleeve\n\t\t\t\t<\/figcaption><\/figure><figure class='gallery-item'>\n\t\t\t<div class='gallery-icon landscape'>\n\t\t\t\t<a href='https:\/\/www.futuretrends.ch\/blog\/wp-content\/uploads\/2017\/02\/mavic-pro-arm-with-propeller-guard-970x647-c.jpg'><img loading=\"lazy\" decoding=\"async\" width=\"150\" height=\"150\" src=\"https:\/\/www.futuretrends.ch\/blog\/wp-content\/uploads\/2017\/02\/mavic-pro-arm-with-propeller-guard-970x647-c-150x150.jpg\" class=\"attachment-thumbnail size-thumbnail\" alt=\"\" aria-describedby=\"gallery-1-1446\" srcset=\"https:\/\/www.futuretrends.ch\/blog\/wp-content\/uploads\/2017\/02\/mavic-pro-arm-with-propeller-guard-970x647-c-150x150.jpg 150w, https:\/\/www.futuretrends.ch\/blog\/wp-content\/uploads\/2017\/02\/mavic-pro-arm-with-propeller-guard-970x647-c-75x75.jpg 75w\" sizes=\"auto, (max-width: 150px) 100vw, 150px\" \/><\/a>\n\t\t\t<\/div>\n\t\t\t\t<figcaption class='wp-caption-text gallery-caption' id='gallery-1-1446'>\n\t\t\t\tMAVIC PRO Prop Guard\n\t\t\t\t<\/figcaption><\/figure><figure class='gallery-item'>\n\t\t\t<div class='gallery-icon landscape'>\n\t\t\t\t<a href='https:\/\/www.futuretrends.ch\/blog\/wp-content\/uploads\/2017\/02\/mavic-pro-battery-charging-hub-advanced-top-970x647-c.jpg'><img loading=\"lazy\" decoding=\"async\" width=\"150\" height=\"150\" src=\"https:\/\/www.futuretrends.ch\/blog\/wp-content\/uploads\/2017\/02\/mavic-pro-battery-charging-hub-advanced-top-970x647-c-150x150.jpg\" class=\"attachment-thumbnail size-thumbnail\" alt=\"\" aria-describedby=\"gallery-1-1447\" srcset=\"https:\/\/www.futuretrends.ch\/blog\/wp-content\/uploads\/2017\/02\/mavic-pro-battery-charging-hub-advanced-top-970x647-c-150x150.jpg 150w, https:\/\/www.futuretrends.ch\/blog\/wp-content\/uploads\/2017\/02\/mavic-pro-battery-charging-hub-advanced-top-970x647-c-75x75.jpg 75w\" sizes=\"auto, (max-width: 150px) 100vw, 150px\" \/><\/a>\n\t\t\t<\/div>\n\t\t\t\t<figcaption class='wp-caption-text gallery-caption' id='gallery-1-1447'>\n\t\t\t\tMAVIC PRO Charging Hub\n\t\t\t\t<\/figcaption><\/figure><figure class='gallery-item'>\n\t\t\t<div class='gallery-icon landscape'>\n\t\t\t\t<a href='https:\/\/www.futuretrends.ch\/blog\/wp-content\/uploads\/2017\/02\/mavic-pro-propeller-cage-970x647-c.jpg'><img loading=\"lazy\" decoding=\"async\" width=\"150\" height=\"150\" src=\"https:\/\/www.futuretrends.ch\/blog\/wp-content\/uploads\/2017\/02\/mavic-pro-propeller-cage-970x647-c-150x150.jpg\" class=\"attachment-thumbnail size-thumbnail\" alt=\"\" aria-describedby=\"gallery-1-1448\" srcset=\"https:\/\/www.futuretrends.ch\/blog\/wp-content\/uploads\/2017\/02\/mavic-pro-propeller-cage-970x647-c-150x150.jpg 150w, https:\/\/www.futuretrends.ch\/blog\/wp-content\/uploads\/2017\/02\/mavic-pro-propeller-cage-970x647-c-75x75.jpg 75w\" sizes=\"auto, (max-width: 150px) 100vw, 150px\" \/><\/a>\n\t\t\t<\/div>\n\t\t\t\t<figcaption class='wp-caption-text gallery-caption' id='gallery-1-1448'>\n\t\t\t\tMAVIC PRO Propeller Cage\n\t\t\t\t<\/figcaption><\/figure><figure class='gallery-item'>\n\t\t\t<div class='gallery-icon landscape'>\n\t\t\t\t<a href='https:\/\/www.futuretrends.ch\/blog\/wp-content\/uploads\/2017\/02\/mavic-pro-propeller-cage-quick-release-folding-propellers-970x647-c.jpg'><img loading=\"lazy\" decoding=\"async\" width=\"150\" height=\"150\" src=\"https:\/\/www.futuretrends.ch\/blog\/wp-content\/uploads\/2017\/02\/mavic-pro-propeller-cage-quick-release-folding-propellers-970x647-c-150x150.jpg\" class=\"attachment-thumbnail size-thumbnail\" alt=\"\" aria-describedby=\"gallery-1-1449\" srcset=\"https:\/\/www.futuretrends.ch\/blog\/wp-content\/uploads\/2017\/02\/mavic-pro-propeller-cage-quick-release-folding-propellers-970x647-c-150x150.jpg 150w, https:\/\/www.futuretrends.ch\/blog\/wp-content\/uploads\/2017\/02\/mavic-pro-propeller-cage-quick-release-folding-propellers-970x647-c-75x75.jpg 75w\" sizes=\"auto, (max-width: 150px) 100vw, 150px\" \/><\/a>\n\t\t\t<\/div>\n\t\t\t\t<figcaption class='wp-caption-text gallery-caption' id='gallery-1-1449'>\n\t\t\t\tMAVIC PRO Propeller Cage mit faltbaren Rotorbl\u00e4ttern\n\t\t\t\t<\/figcaption><\/figure><figure class='gallery-item'>\n\t\t\t<div class='gallery-icon landscape'>\n\t\t\t\t<a href='https:\/\/www.futuretrends.ch\/blog\/wp-content\/uploads\/2017\/02\/mavic-pro-with-propeller-cage-970x647-c.jpg'><img loading=\"lazy\" decoding=\"async\" width=\"150\" height=\"150\" src=\"https:\/\/www.futuretrends.ch\/blog\/wp-content\/uploads\/2017\/02\/mavic-pro-with-propeller-cage-970x647-c-150x150.jpg\" class=\"attachment-thumbnail size-thumbnail\" alt=\"\" aria-describedby=\"gallery-1-1450\" srcset=\"https:\/\/www.futuretrends.ch\/blog\/wp-content\/uploads\/2017\/02\/mavic-pro-with-propeller-cage-970x647-c-150x150.jpg 150w, https:\/\/www.futuretrends.ch\/blog\/wp-content\/uploads\/2017\/02\/mavic-pro-with-propeller-cage-970x647-c-75x75.jpg 75w\" sizes=\"auto, (max-width: 150px) 100vw, 150px\" \/><\/a>\n\t\t\t<\/div>\n\t\t\t\t<figcaption class='wp-caption-text gallery-caption' id='gallery-1-1450'>\n\t\t\t\tMAVIC PRO mit montierten Prop Guards\n\t\t\t\t<\/figcaption><\/figure><figure class='gallery-item'>\n\t\t\t<div class='gallery-icon landscape'>\n\t\t\t\t<a href='https:\/\/www.futuretrends.ch\/blog\/wp-content\/uploads\/2017\/02\/mavic-pro-with-propeller-guard-970x647-c.jpg'><img loading=\"lazy\" decoding=\"async\" width=\"150\" height=\"150\" src=\"https:\/\/www.futuretrends.ch\/blog\/wp-content\/uploads\/2017\/02\/mavic-pro-with-propeller-guard-970x647-c-150x150.jpg\" class=\"attachment-thumbnail size-thumbnail\" alt=\"\" aria-describedby=\"gallery-1-1451\" srcset=\"https:\/\/www.futuretrends.ch\/blog\/wp-content\/uploads\/2017\/02\/mavic-pro-with-propeller-guard-970x647-c-150x150.jpg 150w, https:\/\/www.futuretrends.ch\/blog\/wp-content\/uploads\/2017\/02\/mavic-pro-with-propeller-guard-970x647-c-75x75.jpg 75w\" sizes=\"auto, (max-width: 150px) 100vw, 150px\" \/><\/a>\n\t\t\t<\/div>\n\t\t\t\t<figcaption class='wp-caption-text gallery-caption' id='gallery-1-1451'>\n\t\t\t\tMAVIC PRO mit montierten Propeller Guards\n\t\t\t\t<\/figcaption><\/figure>\n\t\t<\/div>\n\n<p>&nbsp;<\/p>\n<p>Wo die Preise in der Schweiz liegen, wird der Markt zeigen. Das MAVIC PRO Zubeh\u00f6r wird in K\u00fcrze auf futuretrends.ch erh\u00e4ltlich sein unter folgender URL: <a href=\"https:\/\/www.futuretrends.ch\/mavic-pro-zubehoer\" target=\"_blank\">MAVIC PRO Zubeh\u00f6r Shop<\/a><\/p>\n<p>Hier geht&#8217;s zur \u00a0<a href=\"https:\/\/www.futuretrends.ch\/dji-mavic-pro.html\">MAVIC PRO<\/a> und das <a href=\"https:\/\/www.futuretrends.ch\/mavic-pro-fly-more-bundle.html\">MAVIC PRO FLY MORE BUNDLE<\/a><\/p>\n<p>&nbsp;<\/p>\n<p>&nbsp;<\/p>\n<div class=\"fb-background-color\">\n\t\t\t  <div \n\t\t\t  \tclass = \"fb-comments\" \n\t\t\t  \tdata-href = \"https:\/\/www.futuretrends.ch\/blog\/neues-dji-mavic-pro-zubehoer-z-b-propeller-cage\/\"\n\t\t\t  \tdata-numposts = \"10\"\n\t\t\t  \tdata-lazy = \"true\"\n\t\t\t\tdata-colorscheme = \"light\"\n\t\t\t\tdata-order-by = \"social\"\n\t\t\t\tdata-mobile=true>\n\t\t\t  <\/div><\/div>\n\t\t  <style>\n\t\t    .fb-background-color {\n\t\t\t\tbackground: #ffffff !important;\n\t\t\t}\n\t\t\t.fb_iframe_widget_fluid_desktop iframe {\n\t\t\t    width: 100% !important;\n\t\t\t}\n\t\t  <\/style>\n\t\t  ","protected":false},"excerpt":{"rendered":"<div class=\"post-more\"><a href=\"https:\/\/www.futuretrends.ch\/blog\/neues-dji-mavic-pro-zubehoer-z-b-propeller-cage\/\" class=\"button button-primary button-effect\"><span>Weiterlesen<\/span><span><i class=\"cs-icon cs-icon-arrow-right\"><\/i><\/span><\/a><\/div>\n","protected":false},"author":1,"featured_media":1450,"comment_status":"open","ping_status":"open","sticky":false,"template":"","format":"standard","meta":{"footnotes":""},"categories":[673,668,25,1],"tags":[],"powerkit_post_featured":[],"class_list":{"0":"post-1442","1":"post","2":"type-post","3":"status-publish","4":"format-standard","5":"has-post-thumbnail","7":"category-dji-mavic-air","8":"category-dji-mavic-pro","9":"category-neue-drohnen","10":"category-news"},"_links":{"self":[{"href":"https:\/\/www.futuretrends.ch\/blog\/wp-json\/wp\/v2\/posts\/1442","targetHints":{"allow":["GET"]}}],"collection":[{"href":"https:\/\/www.futuretrends.ch\/blog\/wp-json\/wp\/v2\/posts"}],"about":[{"href":"https:\/\/www.futuretrends.ch\/blog\/wp-json\/wp\/v2\/types\/post"}],"author":[{"embeddable":true,"href":"https:\/\/www.futuretrends.ch\/blog\/wp-json\/wp\/v2\/users\/1"}],"replies":[{"embeddable":true,"href":"https:\/\/www.futuretrends.ch\/blog\/wp-json\/wp\/v2\/comments?post=1442"}],"version-history":[{"count":5,"href":"https:\/\/www.futuretrends.ch\/blog\/wp-json\/wp\/v2\/posts\/1442\/revisions"}],"predecessor-version":[{"id":1455,"href":"https:\/\/www.futuretrends.ch\/blog\/wp-json\/wp\/v2\/posts\/1442\/revisions\/1455"}],"wp:featuredmedia":[{"embeddable":true,"href":"https:\/\/www.futuretrends.ch\/blog\/wp-json\/wp\/v2\/media\/1450"}],"wp:attachment":[{"href":"https:\/\/www.futuretrends.ch\/blog\/wp-json\/wp\/v2\/media?parent=1442"}],"wp:term":[{"taxonomy":"category","embeddable":true,"href":"https:\/\/www.futuretrends.ch\/blog\/wp-json\/wp\/v2\/categories?post=1442"},{"taxonomy":"post_tag","embeddable":true,"href":"https:\/\/www.futuretrends.ch\/blog\/wp-json\/wp\/v2\/tags?post=1442"},{"taxonomy":"powerkit_post_featured","embeddable":true,"href":"https:\/\/www.futuretrends.ch\/blog\/wp-json\/wp\/v2\/powerkit_post_featured?post=1442"}],"curies":[{"name":"wp","href":"https:\/\/api.w.org\/{rel}","templated":true}]}}