{"id":1765,"date":"2017-07-12T19:01:26","date_gmt":"2017-07-12T17:01:26","guid":{"rendered":"http:\/\/www.futuretrends.ch\/blog\/?p=1765"},"modified":"2019-01-29T01:07:05","modified_gmt":"2019-01-28T23:07:05","slug":"top-5-dji-mavic-pro-zubehoer","status":"publish","type":"post","link":"https:\/\/www.futuretrends.ch\/blog\/top-5-dji-mavic-pro-zubehoer\/","title":{"rendered":"Top 5 DJI Mavic Pro Zubeh\u00f6r"},"content":{"rendered":"<p><strong>Hei Dronie, Du bist stolzer Besitzer einer <a href=\"https:\/\/www.futuretrends.ch\/mavic-pro-fly-more-bundle.html\">Mavic Pro Foto Drohne<\/a>? Sicher hast Du schon bemerkt, dass der eine oder andere Zubeh\u00f6r ne richtig coole Sache ist. Wir fliegen seit der DJI Phantom 1 \u00a0jeden Tag die neusten DJI Drohnen und testen diese auch sehr ausgiebig! Nat\u00fcrlich schauen wir f\u00fcr uns pers\u00f6nlich auch immer, dass wir das Beste Zubeh\u00f6r haben und in den Onlineshop bekommen. In diesem Artikel stellen wir Dir 5 praktische Add Ons zur Mavic Pro vor, mit den jeweiligen Pro und Contras und Argumenten aus unserer Sicht:<\/strong><\/p>\n<h3 id=\"no-1-extra-batterie\">No. 1 &#8211; Extra Batterie<\/h3>\n<p>Eine Extra Batterie oder Zwei oder Drei ist die wohl Beste Investition in eine DJI Mavic Pro &#8211; Damit verschaffst Du Dir ganz einfach mehr Freiheit und Flugzeit. Wer geht schon gerne Akku laden, wenn&#8217;s gerade spannend oder lustig wird? Wir jedenfalls nicht. Pro Akku holst Du Dir ca. 20-25 Minuten Extra Flugzeit!<\/p>\n<p><a href=\"https:\/\/www.futuretrends.ch\/dji-mavic-intelligenter-flugakku.html\"><img loading=\"lazy\" decoding=\"async\" class=\"wp-image-1768 size-full alignnone\" src=\"http:\/\/www.futuretrends.ch\/blog\/wp-content\/uploads\/2017\/07\/mavic-pro-akku-batterie.jpg\" alt=\"\" width=\"1000\" height=\"1000\" srcset=\"https:\/\/www.futuretrends.ch\/blog\/wp-content\/uploads\/2017\/07\/mavic-pro-akku-batterie.jpg 1000w, https:\/\/www.futuretrends.ch\/blog\/wp-content\/uploads\/2017\/07\/mavic-pro-akku-batterie-150x150.jpg 150w, https:\/\/www.futuretrends.ch\/blog\/wp-content\/uploads\/2017\/07\/mavic-pro-akku-batterie-300x300.jpg 300w, https:\/\/www.futuretrends.ch\/blog\/wp-content\/uploads\/2017\/07\/mavic-pro-akku-batterie-768x768.jpg 768w, https:\/\/www.futuretrends.ch\/blog\/wp-content\/uploads\/2017\/07\/mavic-pro-akku-batterie-75x75.jpg 75w, https:\/\/www.futuretrends.ch\/blog\/wp-content\/uploads\/2017\/07\/mavic-pro-akku-batterie-800x800.jpg 800w\" sizes=\"auto, (max-width: 1000px) 100vw, 1000px\" \/><\/a><\/p>\n<h3 id=\"no-2-landegestell-erweiterung-fuer-mavic-pro\">No. 2 &#8211; Landegestell Erweiterung f\u00fcr Mavic Pro<\/h3>\n<p>Unsere No. 2 &#8211; Die Landegestell Erweiterung, f\u00fcr was braucht man die den? Die Frage ist ganz einfach zu beantworten, mit der Landegestell Erweiterung verschaffst Du Deiner Mavic Pro mehr Bodenfreiheit. Villeicht hast Du Dich schon mal geachtet, stellt man eine Mavic auf eine perfekt glatte Oberfl\u00e4che hat es kaum Bodenfreiheit zwischen Kamera und Boden. Mit der Landegestell Erweiterung verschaffst Du Dir deutlich mehr Bodenfreiheit, somit kannst Du Deine Mavic auch draussen auf einer Wiese, oder auf einer Strasse relativ sicher landen, ohne Dein wertvoller Gimbal oder die Kamera zu sch\u00e4digen. W\u00e4re ja Schade die teuere Kamera bei einer normalen Landung zu crashen, nur weil ein kleiner Stein auf der Strasse war oder eine Unebenheit die man eben nicht erkennt hat.<\/p>\n<p><a href=\"http:\/\/www.futuretrends.ch\/blog\/wp-content\/uploads\/2017\/07\/landegestell-erhoehung-mavic-pro-dji.jpg\" rel=\"https:\/\/www.futuretrends.ch\/dji-mavic-pro-landegestell-erweiterung.html\"><img loading=\"lazy\" decoding=\"async\" class=\"alignnone wp-image-1771 size-full\" src=\"http:\/\/www.futuretrends.ch\/blog\/wp-content\/uploads\/2017\/07\/landegestell-erhoehung-mavic-pro-dji.jpg\" alt=\"\" width=\"900\" height=\"900\" srcset=\"https:\/\/www.futuretrends.ch\/blog\/wp-content\/uploads\/2017\/07\/landegestell-erhoehung-mavic-pro-dji.jpg 900w, https:\/\/www.futuretrends.ch\/blog\/wp-content\/uploads\/2017\/07\/landegestell-erhoehung-mavic-pro-dji-150x150.jpg 150w, https:\/\/www.futuretrends.ch\/blog\/wp-content\/uploads\/2017\/07\/landegestell-erhoehung-mavic-pro-dji-300x300.jpg 300w, https:\/\/www.futuretrends.ch\/blog\/wp-content\/uploads\/2017\/07\/landegestell-erhoehung-mavic-pro-dji-768x768.jpg 768w, https:\/\/www.futuretrends.ch\/blog\/wp-content\/uploads\/2017\/07\/landegestell-erhoehung-mavic-pro-dji-75x75.jpg 75w, https:\/\/www.futuretrends.ch\/blog\/wp-content\/uploads\/2017\/07\/landegestell-erhoehung-mavic-pro-dji-800x800.jpg 800w\" sizes=\"auto, (max-width: 900px) 100vw, 900px\" \/><\/a><\/p>\n<p>&nbsp;<\/p>\n<h3 id=\"no-3-mavic-pro-sonnenschutz\">No. 3 &#8211; Mavic Pro Sonnenschutz<\/h3>\n<p>Sch\u00f6nstes Wetter, mit der Mavic am Drehort, aber irgendwie sieht man nichts auf dem Handydisplay. Ziemlich m\u00fchsam und auch recht unprofessionell zu shooten ohne zu sehen was man shootet. Wir haben hier die passende Abhilfe, unser Sonnenschutz wirft den n\u00f6tigen Schatten aufs Display und l\u00e4sst somit erkennen was man eigentlich filmen will. Eines unserer Lieblings Zubeh\u00f6rteile f\u00fcr die Mavic Pro Drohne.<\/p>\n<p><a href=\"http:\/\/www.futuretrends.ch\/blog\/wp-content\/uploads\/2017\/07\/sonnenschutz-mavic-pro-display.jpg\" rel=\"https:\/\/www.futuretrends.ch\/dji-mavic-pro-sonnenschutz.html\"><img loading=\"lazy\" decoding=\"async\" class=\"alignnone wp-image-1773 size-full\" src=\"http:\/\/www.futuretrends.ch\/blog\/wp-content\/uploads\/2017\/07\/sonnenschutz-mavic-pro-display.jpg\" alt=\"\" width=\"1000\" height=\"1000\" srcset=\"https:\/\/www.futuretrends.ch\/blog\/wp-content\/uploads\/2017\/07\/sonnenschutz-mavic-pro-display.jpg 1000w, https:\/\/www.futuretrends.ch\/blog\/wp-content\/uploads\/2017\/07\/sonnenschutz-mavic-pro-display-150x150.jpg 150w, https:\/\/www.futuretrends.ch\/blog\/wp-content\/uploads\/2017\/07\/sonnenschutz-mavic-pro-display-300x300.jpg 300w, https:\/\/www.futuretrends.ch\/blog\/wp-content\/uploads\/2017\/07\/sonnenschutz-mavic-pro-display-768x768.jpg 768w, https:\/\/www.futuretrends.ch\/blog\/wp-content\/uploads\/2017\/07\/sonnenschutz-mavic-pro-display-75x75.jpg 75w, https:\/\/www.futuretrends.ch\/blog\/wp-content\/uploads\/2017\/07\/sonnenschutz-mavic-pro-display-800x800.jpg 800w\" sizes=\"auto, (max-width: 1000px) 100vw, 1000px\" \/><\/a><\/p>\n<h3 id=\"no-4-mavic-pro-tablet-halter-aus-aluminium\">No. 4 &#8211; Mavic Pro Tablet Halter aus Aluminium<\/h3>\n<p>Sehr coole Extension f\u00fcr die Mavic Pro ist der Mavic Pro Tablet Halter. Damit kriegst Du nicht nur ein Smartphone in den Mavic Controller, sondern eben sogar Dein Tablet. Ein gr\u00f6sseres Display macht vieles einfacher beim fliegen, steuern und filmen. Wir stellen Dir hier die Alu Version vor, wir finden die deutlich besser als die g\u00fcnstige Alternative aus PVC. Wer sich trotzdem f\u00fcr die g\u00fcnstige PVC Version interessiert findet Sie\u00a0<a href=\"https:\/\/www.futuretrends.ch\/mavic-pro-tablet-halter.html\">hier<\/a>.<\/p>\n<p><a href=\"http:\/\/www.futuretrends.ch\/blog\/wp-content\/uploads\/2017\/07\/tablet_halter_mavic_pro_aluminium_shop_2.jpg\" rel=\"https:\/\/www.futuretrends.ch\/mavic-pro-tablet-halter-aluminium-pro.html\"><img loading=\"lazy\" decoding=\"async\" class=\"alignnone wp-image-1774 size-full\" src=\"http:\/\/www.futuretrends.ch\/blog\/wp-content\/uploads\/2017\/07\/tablet_halter_mavic_pro_aluminium_shop_2.jpg\" alt=\"\" width=\"1280\" height=\"800\" srcset=\"https:\/\/www.futuretrends.ch\/blog\/wp-content\/uploads\/2017\/07\/tablet_halter_mavic_pro_aluminium_shop_2.jpg 1280w, https:\/\/www.futuretrends.ch\/blog\/wp-content\/uploads\/2017\/07\/tablet_halter_mavic_pro_aluminium_shop_2-300x188.jpg 300w, https:\/\/www.futuretrends.ch\/blog\/wp-content\/uploads\/2017\/07\/tablet_halter_mavic_pro_aluminium_shop_2-768x480.jpg 768w, https:\/\/www.futuretrends.ch\/blog\/wp-content\/uploads\/2017\/07\/tablet_halter_mavic_pro_aluminium_shop_2-1024x640.jpg 1024w, https:\/\/www.futuretrends.ch\/blog\/wp-content\/uploads\/2017\/07\/tablet_halter_mavic_pro_aluminium_shop_2-150x94.jpg 150w, https:\/\/www.futuretrends.ch\/blog\/wp-content\/uploads\/2017\/07\/tablet_halter_mavic_pro_aluminium_shop_2-800x500.jpg 800w, https:\/\/www.futuretrends.ch\/blog\/wp-content\/uploads\/2017\/07\/tablet_halter_mavic_pro_aluminium_shop_2-1200x750.jpg 1200w\" sizes=\"auto, (max-width: 1280px) 100vw, 1280px\" \/><\/a><\/p>\n<p>&nbsp;<\/p>\n<h3 id=\"no-5-mw1-mavic-pro-hartschalenkoffer\">No. 5 &#8211; MW1 Mavic Pro Hartschalenkoffer<\/h3>\n<p>Wer die Mavic Pro ein bisschen auf Mann hatte und oft fliegt, merkt schnell das die <a href=\"https:\/\/www.futuretrends.ch\/dji-mavic-schultertasche.html\">Original Schultertasche von DJI<\/a>, die es zum Fly More Bundle gibt, zwar von der Gr\u00f6sse her ne coole Sache ist, aber trotz guter Haptik und kompakt sein eher m\u00fchsam ist. Jedenfalls ist dies unsere Erfahrung. Herausnehmen und wieder reinstecken ist oft ein &#8222;Murks&#8220;, wir haben immer das Gef\u00fchl, dass bald mal ein Teil abgerissen wird beim rausnehmen oder wieder reinstecken. Abhilfe gibt es da sehr vielf\u00e4ltige, da wir unsere Mavic meist in einem Auto haben, war f\u00fcr uns die Auswahl auf einen kleinen Hartschalen Koffer gefallen. Der Koffer bietet optimalen Schutz vor Feuchtigkeit, Wasser und Schl\u00e4gen. Respektive mechanischer Gewalteinwirkung, gleichzeitig l\u00e4sst sich die Drohne viel komfortabler ein und auspacken und bietet deutlich mehr Platz als die Original DJI Tasche. Wer mehr zu Fuss unterwegs ist, f\u00fcr den empfiehlt sich z.B. ein bequemer\u00a0<a href=\"https:\/\/www.futuretrends.ch\/rucksack-fuer-dji-mavic-pro.html\">Rucksack<\/a>.<\/p>\n<p><a href=\"http:\/\/www.futuretrends.ch\/blog\/wp-content\/uploads\/2017\/07\/MW1-mavic-pro-hardcase.png\"><img loading=\"lazy\" decoding=\"async\" class=\"alignnone wp-image-1778 size-full\" title=\"https:\/\/www.futuretrends.ch\/transportkoffer-fuer-mavic-pro-mw1.html\" src=\"http:\/\/www.futuretrends.ch\/blog\/wp-content\/uploads\/2017\/07\/MW1-mavic-pro-hardcase.png\" alt=\"\" width=\"835\" height=\"617\" srcset=\"https:\/\/www.futuretrends.ch\/blog\/wp-content\/uploads\/2017\/07\/MW1-mavic-pro-hardcase.png 835w, https:\/\/www.futuretrends.ch\/blog\/wp-content\/uploads\/2017\/07\/MW1-mavic-pro-hardcase-300x222.png 300w, https:\/\/www.futuretrends.ch\/blog\/wp-content\/uploads\/2017\/07\/MW1-mavic-pro-hardcase-768x567.png 768w, https:\/\/www.futuretrends.ch\/blog\/wp-content\/uploads\/2017\/07\/MW1-mavic-pro-hardcase-150x111.png 150w, https:\/\/www.futuretrends.ch\/blog\/wp-content\/uploads\/2017\/07\/MW1-mavic-pro-hardcase-800x591.png 800w\" sizes=\"auto, (max-width: 835px) 100vw, 835px\" \/><\/a><\/p>\n<p>Ich hoffe wir konnten Dir ein paar gute Tipps geben. Es gibt nat\u00fcrlich noch unz\u00e4hlige andere Add-Ons und Zubeh\u00f6r, eine \u00dcbersicht findest Du in unserem Channel: <a href=\"https:\/\/www.futuretrends.ch\/mavic-pro-zubehoer\">Mavic Pro Zubeh\u00f6r<\/a><\/p>\n<p>Wenn Du die Basics mal im Griff hast, kommt man oft mal an den Punkt das Beste aus der Mavic Kamera herauszuholen, hierzu empfehlen wir die ND Filterset&#8217;s die Du auch alle bei uns im Shop findest. Viel Spass beim entdecken der <a href=\"https:\/\/www.futuretrends.ch\/search?sSearch=nd%20filter%20mavic&amp;c=162&amp;p=1\">Mavic Pro ND Filter Sets.<\/a>\u00a0Falls Du Inputs und eigene Erfahrungen hast mit Mavic Pro Zubeh\u00f6r, freuen wir uns \u00fcber einen Kommentar von Dir. Und nat\u00fcrlich wie immer alle Produkte senden wir aus unserem eigenen Lager in der Schweiz. <a href=\"https:\/\/www.futuretrends.ch\" target=\"_blank\" rel=\"noopener\">www.futuretrends.ch<\/a><\/p>\n<p>&nbsp;<\/p>\n<p>&nbsp;<\/p>\n<p>&nbsp;<\/p>\n<p>&nbsp;<\/p>\n<p>&nbsp;<\/p>\n<p>&nbsp;<\/p>\n<p>&nbsp;<\/p>\n<div class=\"fb-background-color\">\n\t\t\t  <div \n\t\t\t  \tclass = \"fb-comments\" \n\t\t\t  \tdata-href = \"https:\/\/www.futuretrends.ch\/blog\/top-5-dji-mavic-pro-zubehoer\/\"\n\t\t\t  \tdata-numposts = \"10\"\n\t\t\t  \tdata-lazy = \"true\"\n\t\t\t\tdata-colorscheme = \"light\"\n\t\t\t\tdata-order-by = \"social\"\n\t\t\t\tdata-mobile=true>\n\t\t\t  <\/div><\/div>\n\t\t  <style>\n\t\t    .fb-background-color {\n\t\t\t\tbackground: #ffffff !important;\n\t\t\t}\n\t\t\t.fb_iframe_widget_fluid_desktop iframe {\n\t\t\t    width: 100% !important;\n\t\t\t}\n\t\t  <\/style>\n\t\t  ","protected":false},"excerpt":{"rendered":"<div class=\"post-more\"><a href=\"https:\/\/www.futuretrends.ch\/blog\/top-5-dji-mavic-pro-zubehoer\/\" class=\"button button-primary button-effect\"><span>Weiterlesen<\/span><span><i class=\"cs-icon cs-icon-arrow-right\"><\/i><\/span><\/a><\/div>\n","protected":false},"author":1,"featured_media":1774,"comment_status":"open","ping_status":"open","sticky":false,"template":"","format":"standard","meta":{"footnotes":""},"categories":[26,668,346,25],"tags":[20,339,355,369,450,354,449,452,448,451],"powerkit_post_featured":[],"class_list":{"0":"post-1765","1":"post","2":"type-post","3":"status-publish","4":"format-standard","5":"has-post-thumbnail","7":"category-dji-howto-tipps","8":"category-dji-mavic-pro","9":"category-jetzt-erhaeltlich","10":"category-neue-drohnen","11":"tag-dji","12":"tag-dji-mavic","13":"tag-dji-mavic-pro","14":"tag-dji-multicopter","15":"tag-dji-zubehoer","16":"tag-mavic-pro","17":"tag-mavic-pro-zubehoer","18":"tag-top-5-zubehoer","19":"tag-top5","20":"tag-zubehoer"},"_links":{"self":[{"href":"https:\/\/www.futuretrends.ch\/blog\/wp-json\/wp\/v2\/posts\/1765","targetHints":{"allow":["GET"]}}],"collection":[{"href":"https:\/\/www.futuretrends.ch\/blog\/wp-json\/wp\/v2\/posts"}],"about":[{"href":"https:\/\/www.futuretrends.ch\/blog\/wp-json\/wp\/v2\/types\/post"}],"author":[{"embeddable":true,"href":"https:\/\/www.futuretrends.ch\/blog\/wp-json\/wp\/v2\/users\/1"}],"replies":[{"embeddable":true,"href":"https:\/\/www.futuretrends.ch\/blog\/wp-json\/wp\/v2\/comments?post=1765"}],"version-history":[{"count":15,"href":"https:\/\/www.futuretrends.ch\/blog\/wp-json\/wp\/v2\/posts\/1765\/revisions"}],"predecessor-version":[{"id":1786,"href":"https:\/\/www.futuretrends.ch\/blog\/wp-json\/wp\/v2\/posts\/1765\/revisions\/1786"}],"wp:featuredmedia":[{"embeddable":true,"href":"https:\/\/www.futuretrends.ch\/blog\/wp-json\/wp\/v2\/media\/1774"}],"wp:attachment":[{"href":"https:\/\/www.futuretrends.ch\/blog\/wp-json\/wp\/v2\/media?parent=1765"}],"wp:term":[{"taxonomy":"category","embeddable":true,"href":"https:\/\/www.futuretrends.ch\/blog\/wp-json\/wp\/v2\/categories?post=1765"},{"taxonomy":"post_tag","embeddable":true,"href":"https:\/\/www.futuretrends.ch\/blog\/wp-json\/wp\/v2\/tags?post=1765"},{"taxonomy":"powerkit_post_featured","embeddable":true,"href":"https:\/\/www.futuretrends.ch\/blog\/wp-json\/wp\/v2\/powerkit_post_featured?post=1765"}],"curies":[{"name":"wp","href":"https:\/\/api.w.org\/{rel}","templated":true}]}}