{"id":2174,"date":"2018-02-23T09:05:26","date_gmt":"2018-02-23T07:05:26","guid":{"rendered":"https:\/\/www.futuretrends.ch\/blog\/?p=2174"},"modified":"2019-01-29T01:08:15","modified_gmt":"2019-01-28T23:08:15","slug":"dji-mavic-pro-2-neuer-koenig-der-luefte","status":"publish","type":"post","link":"https:\/\/www.futuretrends.ch\/blog\/dji-mavic-pro-2-neuer-koenig-der-luefte\/","title":{"rendered":"DJI Mavic Pro 2 &#8211; Neuer K\u00f6nig der L\u00fcfte?"},"content":{"rendered":"<p>Seit kurzem sind wieder viele Ger\u00fcchte \u00fcber die den echten Nachfolger der Erfolgsdrohne DJI Mavic Pro im Umlauf.<\/p>\n<p>Bereits beim Namen scheiden sich die Geister, wird die neue Drohne <strong>DJI Mavic Pro II<\/strong> oder <strong>DJI Mavic Pro 2<\/strong> heissen?<\/p>\n<h2 id=\"release-im-maerz-oder-juni\">Release im M\u00e4rz oder Juni?<\/h2>\n<p>Erste Testger\u00e4te sind bereits seit einigen Wochen bei Betatestern unterwegs, ein offizielles Vorstellungsdatum gibt es nach wie vor nicht.<\/p>\n<h2 id=\"dji-phantom-4-pro-technik-im-dji-mavic-pro-ii\">DJI Phantom 4 Pro Technik im DJI Mavic Pro II?<\/h2>\n<p>Ger\u00fcchten zufolge wird die DJI Mavic Pro 2 ertwas gr\u00f6sser als der Vorg\u00e4nger, soll aber eine technische Ausstattung auf Phantom 4 Pro-Niveau erhalten.<\/p>\n<p><strong>Was denkst du \u00fcber die neue DJI Mavic Pro 2?<\/strong><\/p>\n<div class=\"fb-background-color\">\n\t\t\t  <div \n\t\t\t  \tclass = \"fb-comments\" \n\t\t\t  \tdata-href = \"https:\/\/www.futuretrends.ch\/blog\/dji-mavic-pro-2-neuer-koenig-der-luefte\/\"\n\t\t\t  \tdata-numposts = \"10\"\n\t\t\t  \tdata-lazy = \"true\"\n\t\t\t\tdata-colorscheme = \"light\"\n\t\t\t\tdata-order-by = \"social\"\n\t\t\t\tdata-mobile=true>\n\t\t\t  <\/div><\/div>\n\t\t  <style>\n\t\t    .fb-background-color {\n\t\t\t\tbackground: #ffffff !important;\n\t\t\t}\n\t\t\t.fb_iframe_widget_fluid_desktop iframe {\n\t\t\t    width: 100% !important;\n\t\t\t}\n\t\t  <\/style>\n\t\t  ","protected":false},"excerpt":{"rendered":"<div class=\"post-more\"><a href=\"https:\/\/www.futuretrends.ch\/blog\/dji-mavic-pro-2-neuer-koenig-der-luefte\/\" class=\"button button-primary button-effect\"><span>Weiterlesen<\/span><span><i class=\"cs-icon cs-icon-arrow-right\"><\/i><\/span><\/a><\/div>\n","protected":false},"author":1,"featured_media":0,"comment_status":"closed","ping_status":"open","sticky":false,"template":"","format":"standard","meta":{"footnotes":""},"categories":[91,672,667],"tags":[],"powerkit_post_featured":[],"class_list":{"0":"post-2174","1":"post","2":"type-post","3":"status-publish","4":"format-standard","6":"category-drone-rumor","7":"category-dji-mavic-2","8":"category-dji-phantom"},"_links":{"self":[{"href":"https:\/\/www.futuretrends.ch\/blog\/wp-json\/wp\/v2\/posts\/2174","targetHints":{"allow":["GET"]}}],"collection":[{"href":"https:\/\/www.futuretrends.ch\/blog\/wp-json\/wp\/v2\/posts"}],"about":[{"href":"https:\/\/www.futuretrends.ch\/blog\/wp-json\/wp\/v2\/types\/post"}],"author":[{"embeddable":true,"href":"https:\/\/www.futuretrends.ch\/blog\/wp-json\/wp\/v2\/users\/1"}],"replies":[{"embeddable":true,"href":"https:\/\/www.futuretrends.ch\/blog\/wp-json\/wp\/v2\/comments?post=2174"}],"version-history":[{"count":1,"href":"https:\/\/www.futuretrends.ch\/blog\/wp-json\/wp\/v2\/posts\/2174\/revisions"}],"predecessor-version":[{"id":2176,"href":"https:\/\/www.futuretrends.ch\/blog\/wp-json\/wp\/v2\/posts\/2174\/revisions\/2176"}],"wp:attachment":[{"href":"https:\/\/www.futuretrends.ch\/blog\/wp-json\/wp\/v2\/media?parent=2174"}],"wp:term":[{"taxonomy":"category","embeddable":true,"href":"https:\/\/www.futuretrends.ch\/blog\/wp-json\/wp\/v2\/categories?post=2174"},{"taxonomy":"post_tag","embeddable":true,"href":"https:\/\/www.futuretrends.ch\/blog\/wp-json\/wp\/v2\/tags?post=2174"},{"taxonomy":"powerkit_post_featured","embeddable":true,"href":"https:\/\/www.futuretrends.ch\/blog\/wp-json\/wp\/v2\/powerkit_post_featured?post=2174"}],"curies":[{"name":"wp","href":"https:\/\/api.w.org\/{rel}","templated":true}]}}