{"id":2687,"date":"2018-08-29T10:30:37","date_gmt":"2018-08-29T08:30:37","guid":{"rendered":"https:\/\/www.futuretrends.ch\/blog\/?p=2687"},"modified":"2019-01-29T01:17:48","modified_gmt":"2019-01-28T23:17:48","slug":"faq-dji-mavic-2-pro-zoom","status":"publish","type":"post","link":"https:\/\/www.futuretrends.ch\/blog\/faq-dji-mavic-2-pro-zoom\/","title":{"rendered":"FAQ DJI Mavic 2 (Pro &#038; Zoom)"},"content":{"rendered":"<p>DJI hat vor kurzem seine neuste Kameradrohne, die Mavic 2 Serie vorgestellt. Uns erreichen aktuell im minutentakt Fragen von Kunden zu den beiden Modellen Pro und Zoom. Wir haben diese f\u00fcr dich in diesem Artikel zusammengefasst. Die Fragen sind in drei Kategorien eingeteilt, zuerst solche, die beide Modelle betreffen und anschliessend modellspezifische Fragen und Antworten.<\/p>\n<p><strong>Fehlt Dir eine Frage?<\/strong><\/p>\n<p>Kein Problem, hinterlasse uns einfach eine Nachricht per Mail oder schreibe einen Kommentar zu diesem Artikel und wir werden die Frage f\u00fcr dich beantworten.<\/p>\n<h2 id=\"fragen-zur-dji-mavic-2-serie\">Fragen zur DJI Mavic 2 Serie<\/h2>\n<ol>\n<li><strong>Ist die Mavic 2 mit den DJI Goggles kompatibel?<\/strong><br \/>\n<strong>Ja<\/strong>, aber nur, wenn die DJI Googles \u00fcber mindestens die Firmware-Verison 01.04.0500 und die Googles RE 01.00.0600 verf\u00fcgt.<\/li>\n<li><strong>Ist die Mavic 2 wasserfest?<\/strong><br \/>\nNein, leider wie auch das Vorg\u00e4ngermodell ist die Mavic 2 nicht wasserfest.<\/li>\n<li><strong>Ist die Fernsteuerung der DJI Mavic Pro kompatibel mit der neuen DJI Mavic 2 Pro und Zoom?<\/strong><br \/>\n<strong>Nein<\/strong>, im Moment ist die Fernsteuerung noch nicht kompatibel, wird es aber in Zukunft sein.<\/li>\n<li><strong>Sind die Akkus der Mavic Pro mit der neuen Mavic 2 Serie kompatibel?<\/strong><br \/>\nNein, die Flugakkus sind nicht kompatibel<\/li>\n<li><strong>Sind die Low-Noise-Propeller der Mavic Pro kompatibel?<\/strong><br \/>\nNein, auch die Propeller sind nicht kompatibel<\/li>\n<li><strong>Ist die PGYTECH Tablet-Halterung der Mavic Pro\/Spark kompatibel?<\/strong><br \/>\nJa, die Tablet-Halterung ist kompatibel.<\/li>\n<li><strong>Was ist die omnidirektionale Hinderniserkennung?<\/strong><br \/>\nDiese umfasst alle Richtungen: also links und rechts, auf- und abw\u00e4rts und vor- und r\u00fcckw\u00e4rts erkennt nun die neue Mavic 2 mit ihren Sensoren. Aber Achtung! Die Links- und rechts Erkennung ist nur in den 2 Modi \u00abActiveTrack\u00bb und \u00abStativ\u00bb verf\u00fcgbar. Wichtig zu wissen ist, dass keine Sch\u00e4den \u00fcber die Garantie bei DJI abgedeckt, welche durch Fl\u00fcge nach links und rechts entstanden sind, auch nicht, wenn einer der beiden Modi \u00abActiveTrack\u00bb oder \u00abStativ\u00bb eingestellt waren. Diese Sensoren sind also von der Garantie ausgeschlossen. Es ist sehr wichtig, sich mit der Flugumgebung vertraut zu machen und auf die Benachrichtigungen in der App zu achten.<\/li>\n<li><strong>Kann die Kamera getauscht werden?<\/strong><br \/>\nF\u00fcr Endkunden wird es leider nicht m\u00f6glich sein, die Kamera (zB von Zoom zu Pro) zu wechseln. DJI wird eventuell in Zukunft einen Kamera-Tausch-Service anbieten. Dazu muss die Kamera eingesendet werden. Details, Kosten und Bedingungen sind aktuell noch nicht bekannt.<\/li>\n<\/ol>\n<h2 id=\"fragen-zur-dji-mavic-2-pro\">Fragen zur DJI Mavic 2 Pro<\/h2>\n<ol>\n<li><strong>Wie gross ist der Bildsensor?<\/strong><br \/>\nDie Drohne verf\u00fcgt \u00fcber einen 1-Zoll-CMOS-Sensor.<\/li>\n<li><strong>Wie hoch ist die Framerate bei 4k?<\/strong><br \/>\nEs kann mit bis zu 30 Frames pro Sekunde (30 fps) aufgenommen werden<\/li>\n<\/ol>\n<h2 id=\"fragen-zur-dji-mavic-2-zoom\">Fragen zur DJI Mavic 2 Zoom<\/h2>\n<ol>\n<li><strong>Welche Brennweite hat die Mavic 2 Zoom?<\/strong><br \/>\nDie optische Zoomkamera (24-48 mm) der Mavic 2 Zoom unterst\u00fctzt 4\u00d7 verlustfreien Zoom w\u00e4hrend der Aufnahme in 1080p.<\/li>\n<\/ol>\n<h2 id=\"dji-mavic-2-kaufen\">DJI Mavic 2 kaufen<\/h2>\n\n <form class=\"formShopwareArticles\">\n <input class=\"inpHiddenShopwareArticlesCatId\" name=\"inpHiddenShopwareArticlesCatId\" type=\"hidden\" value=\"381\" \/>\n <input class=\"inpHiddenShopwareArticlesOrderBy\" name=\"inpHiddenShopwareArticlesOrderBy\" type=\"hidden\" value=\"new\" \/>\n <input class=\"inpHiddenShopwareArticlesSort\" name=\"inpHiddenShopwareArticlesSort\" type=\"hidden\" value=\"DESC\" \/>\n <input class=\"inpHiddenShopwareArticlesLoaded\" name=\"inpHiddenShopwareArticlesLoaded\" type=\"hidden\" value=\"0\" \/>\n <div class=\"divShopwareArticlesResponse\" style=\"display:none;\">\n <img decoding=\"async\" src=\"https:\/\/www.futuretrends.ch\/blog\/wp-content\/plugins\/shopwareArticles\/\/img\/ajax-loader-blog.gif\"\/><br\/><br\/>\n <\/div>\n <\/form>\n<div class=\"fb-background-color\">\n\t\t\t  <div \n\t\t\t  \tclass = \"fb-comments\" \n\t\t\t  \tdata-href = \"https:\/\/www.futuretrends.ch\/blog\/faq-dji-mavic-2-pro-zoom\/\"\n\t\t\t  \tdata-numposts = \"10\"\n\t\t\t  \tdata-lazy = \"true\"\n\t\t\t\tdata-colorscheme = \"light\"\n\t\t\t\tdata-order-by = \"social\"\n\t\t\t\tdata-mobile=true>\n\t\t\t  <\/div><\/div>\n\t\t  <style>\n\t\t    .fb-background-color {\n\t\t\t\tbackground: #ffffff !important;\n\t\t\t}\n\t\t\t.fb_iframe_widget_fluid_desktop iframe {\n\t\t\t    width: 100% !important;\n\t\t\t}\n\t\t  <\/style>\n\t\t  ","protected":false},"excerpt":{"rendered":"<div class=\"post-more\"><a href=\"https:\/\/www.futuretrends.ch\/blog\/faq-dji-mavic-2-pro-zoom\/\" class=\"button button-primary button-effect\"><span>Weiterlesen<\/span><span><i class=\"cs-icon cs-icon-arrow-right\"><\/i><\/span><\/a><\/div>\n","protected":false},"author":10,"featured_media":2706,"comment_status":"closed","ping_status":"open","sticky":false,"template":"","format":"standard","meta":{"footnotes":""},"categories":[26,663,672,25],"tags":[647,649,648],"powerkit_post_featured":[],"class_list":{"0":"post-2687","1":"post","2":"type-post","3":"status-publish","4":"format-standard","5":"has-post-thumbnail","7":"category-dji-howto-tipps","8":"category-dji","9":"category-dji-mavic-2","10":"category-neue-drohnen","11":"tag-dji-mavic-2","12":"tag-faq","13":"tag-fragen-antworten"},"_links":{"self":[{"href":"https:\/\/www.futuretrends.ch\/blog\/wp-json\/wp\/v2\/posts\/2687","targetHints":{"allow":["GET"]}}],"collection":[{"href":"https:\/\/www.futuretrends.ch\/blog\/wp-json\/wp\/v2\/posts"}],"about":[{"href":"https:\/\/www.futuretrends.ch\/blog\/wp-json\/wp\/v2\/types\/post"}],"author":[{"embeddable":true,"href":"https:\/\/www.futuretrends.ch\/blog\/wp-json\/wp\/v2\/users\/10"}],"replies":[{"embeddable":true,"href":"https:\/\/www.futuretrends.ch\/blog\/wp-json\/wp\/v2\/comments?post=2687"}],"version-history":[{"count":12,"href":"https:\/\/www.futuretrends.ch\/blog\/wp-json\/wp\/v2\/posts\/2687\/revisions"}],"predecessor-version":[{"id":2733,"href":"https:\/\/www.futuretrends.ch\/blog\/wp-json\/wp\/v2\/posts\/2687\/revisions\/2733"}],"wp:featuredmedia":[{"embeddable":true,"href":"https:\/\/www.futuretrends.ch\/blog\/wp-json\/wp\/v2\/media\/2706"}],"wp:attachment":[{"href":"https:\/\/www.futuretrends.ch\/blog\/wp-json\/wp\/v2\/media?parent=2687"}],"wp:term":[{"taxonomy":"category","embeddable":true,"href":"https:\/\/www.futuretrends.ch\/blog\/wp-json\/wp\/v2\/categories?post=2687"},{"taxonomy":"post_tag","embeddable":true,"href":"https:\/\/www.futuretrends.ch\/blog\/wp-json\/wp\/v2\/tags?post=2687"},{"taxonomy":"powerkit_post_featured","embeddable":true,"href":"https:\/\/www.futuretrends.ch\/blog\/wp-json\/wp\/v2\/powerkit_post_featured?post=2687"}],"curies":[{"name":"wp","href":"https:\/\/api.w.org\/{rel}","templated":true}]}}