{"id":412,"date":"2014-04-25T00:01:57","date_gmt":"2014-04-24T22:01:57","guid":{"rendered":"http:\/\/www.futuretrends.ch\/blog\/?p=412"},"modified":"2019-01-29T01:07:32","modified_gmt":"2019-01-28T23:07:32","slug":"neu-eingetroffen-rucksack-mit-inlay-fuer-phantom-12-baureihe","status":"publish","type":"post","link":"https:\/\/www.futuretrends.ch\/blog\/neu-eingetroffen-rucksack-mit-inlay-fuer-phantom-12-baureihe\/","title":{"rendered":"Neu eingetroffen: Rucksack mit Inlay f\u00fcr Phantom 1+2 Baureihe"},"content":{"rendered":"<p>Rucksack mit sch\u00f6nem und qualitativ hochwertigem Inlay f\u00fcr DJI Phantom 1+2 Quadrokopter. Ideale Koffergr\u00f6sse und als Handgep\u00e4ck geeignet wenns auf Reisen ins Ausland geht. Entsprechende Ausk\u00fcnfte \u00fcber die Einfuhr von Quadrokopter in andere L\u00e4nder erteilen unter anderem die jeweilligen Konsultae und Botschaften in der Schweiz. Das EDA verweist auch auf die Botschaften.<\/p>\n<p>Nat\u00fcrlich kann dieser Tragerucksack auch in der Schweiz Bestens dienen, wenns z.B. zu Fuss losgeht, oder mit einem Motorrad usw. mit diesem Rucksack begleitet Dich Deine Komplette Phantom einfach \u00fcberall hin.<br \/>\n<a title=\"Hier geht's zum Tragerucksack f\u00fcr DJI Phantom 1+2\" href=\"http:\/\/www.futuretrends.ch\/tragerucksack-fuer-dji-phantom-multicopter.html\" target=\"_blank\">Hier gehts zum Tragerucksack f\u00fcr DJI Phantom 1+2 <\/a><\/p>\n<div class=\"fb-background-color\">\n\t\t\t  <div \n\t\t\t  \tclass = \"fb-comments\" \n\t\t\t  \tdata-href = \"https:\/\/www.futuretrends.ch\/blog\/neu-eingetroffen-rucksack-mit-inlay-fuer-phantom-12-baureihe\/\"\n\t\t\t  \tdata-numposts = \"10\"\n\t\t\t  \tdata-lazy = \"true\"\n\t\t\t\tdata-colorscheme = \"light\"\n\t\t\t\tdata-order-by = \"social\"\n\t\t\t\tdata-mobile=true>\n\t\t\t  <\/div><\/div>\n\t\t  <style>\n\t\t    .fb-background-color {\n\t\t\t\tbackground: #ffffff !important;\n\t\t\t}\n\t\t\t.fb_iframe_widget_fluid_desktop iframe {\n\t\t\t    width: 100% !important;\n\t\t\t}\n\t\t  <\/style>\n\t\t  ","protected":false},"excerpt":{"rendered":"<div class=\"post-more\"><a href=\"https:\/\/www.futuretrends.ch\/blog\/neu-eingetroffen-rucksack-mit-inlay-fuer-phantom-12-baureihe\/\" class=\"button button-primary button-effect\"><span>Weiterlesen<\/span><span><i class=\"cs-icon cs-icon-arrow-right\"><\/i><\/span><\/a><\/div>\n","protected":false},"author":1,"featured_media":414,"comment_status":"open","ping_status":"open","sticky":false,"template":"","format":"standard","meta":{"footnotes":""},"categories":[663,667,25,1],"tags":[138,20,123,141,137,140,133,139,134,132,135,136],"powerkit_post_featured":[],"class_list":{"0":"post-412","1":"post","2":"type-post","3":"status-publish","4":"format-standard","5":"has-post-thumbnail","7":"category-dji","8":"category-dji-phantom","9":"category-neue-drohnen","10":"category-news","11":"tag-bergtouren","12":"tag-dji","13":"tag-dji-phantom-2","14":"tag-dji-phantom-rucksack","15":"tag-dji-phantom-transportieren","16":"tag-dji-rucksack","17":"tag-inlay","18":"tag-motorrad","19":"tag-quadrokopter-als-hangepaeck","20":"tag-rucksack","21":"tag-rucksack-dji-phantom","22":"tag-tragerucksack"},"_links":{"self":[{"href":"https:\/\/www.futuretrends.ch\/blog\/wp-json\/wp\/v2\/posts\/412","targetHints":{"allow":["GET"]}}],"collection":[{"href":"https:\/\/www.futuretrends.ch\/blog\/wp-json\/wp\/v2\/posts"}],"about":[{"href":"https:\/\/www.futuretrends.ch\/blog\/wp-json\/wp\/v2\/types\/post"}],"author":[{"embeddable":true,"href":"https:\/\/www.futuretrends.ch\/blog\/wp-json\/wp\/v2\/users\/1"}],"replies":[{"embeddable":true,"href":"https:\/\/www.futuretrends.ch\/blog\/wp-json\/wp\/v2\/comments?post=412"}],"version-history":[{"count":2,"href":"https:\/\/www.futuretrends.ch\/blog\/wp-json\/wp\/v2\/posts\/412\/revisions"}],"predecessor-version":[{"id":415,"href":"https:\/\/www.futuretrends.ch\/blog\/wp-json\/wp\/v2\/posts\/412\/revisions\/415"}],"wp:featuredmedia":[{"embeddable":true,"href":"https:\/\/www.futuretrends.ch\/blog\/wp-json\/wp\/v2\/media\/414"}],"wp:attachment":[{"href":"https:\/\/www.futuretrends.ch\/blog\/wp-json\/wp\/v2\/media?parent=412"}],"wp:term":[{"taxonomy":"category","embeddable":true,"href":"https:\/\/www.futuretrends.ch\/blog\/wp-json\/wp\/v2\/categories?post=412"},{"taxonomy":"post_tag","embeddable":true,"href":"https:\/\/www.futuretrends.ch\/blog\/wp-json\/wp\/v2\/tags?post=412"},{"taxonomy":"powerkit_post_featured","embeddable":true,"href":"https:\/\/www.futuretrends.ch\/blog\/wp-json\/wp\/v2\/powerkit_post_featured?post=412"}],"curies":[{"name":"wp","href":"https:\/\/api.w.org\/{rel}","templated":true}]}}